{"id":504,"date":"2024-11-08T10:01:18","date_gmt":"2024-11-08T10:01:18","guid":{"rendered":"https:\/\/www.interim-manager.cz\/?p=504"},"modified":"2024-11-08T10:01:20","modified_gmt":"2024-11-08T10:01:20","slug":"auto-zachranujici-zivoty","status":"publish","type":"post","link":"https:\/\/www.interim-manager.cz\/eng\/auto-zachranujici-zivoty\/","title":{"rendered":"Auto zachra\u0148uj\u00edc\u00ed \u017eivoty"},"content":{"rendered":"<p>Internetem se \u0161\u00ed\u0159\u00ed video, kdy v p\u0159\u00edpad\u011b, \u017ee \u0159idi\u010d usne\/omdl\u00ed za volantem, auto spust\u00ed n\u011bkolik v\u00fdstra\u017en\u00fdch syst\u00e9m\u016f, aby \u0159idi\u010de upozornilo\/probudilo. Pokud toto opat\u0159en\u00ed nefunguje, auto samo zapne v\u00fdstra\u017en\u00e1 sv\u011btla a zajede do bezpe\u010dn\u00e9ho vedlej\u0161\u00edho pruhu, kde automobil kompletn\u011b zastav\u00ed.<\/p>\n\n\n\n<p>Jedn\u00e1 se o chytr\u00fd bezpe\u010dnostn\u00ed syst\u00e9m Emergency Assist od zna\u010dky Volkswagen, kter\u00fd je sou\u010d\u00e1st\u00ed technologie IQ.DRIVE. Emergency Assist monitoruje aktivitu na volantu \u2013 pokud po ur\u010ditou dobu nezaznamen\u00e1 \u017e\u00e1dn\u00fd pohyb, spust\u00ed n\u011bkolik varovn\u00fdch sign\u00e1l\u016f. Nejd\u0159\u00edve zobraz\u00ed zpr\u00e1vu na p\u0159\u00edstrojov\u00e9 desce, pot\u00e9 n\u00e1sleduje zvukov\u00e9 varov\u00e1n\u00ed a nakonec kr\u00e1tk\u00e9 zabrzd\u011bn\u00ed, aby upozornil \u0159idi\u010de. Pokud ani pot\u00e9 \u0159idi\u010d nereaguje, syst\u00e9m p\u0159evezme kontrolu, zpomal\u00ed v\u016fz a aktivuje v\u00fdstra\u017en\u00e1 sv\u011btla. Cel\u00fd proces prob\u00edh\u00e1 s c\u00edlem udr\u017eet v\u016fz v pruhu a zastavit jej bezpe\u010dn\u011b, \u010d\u00edm\u017e se zabr\u00e1n\u00ed nehod\u00e1m zp\u016fsoben\u00fdm nepozornost\u00ed nebo ztr\u00e1tou v\u011bdom\u00ed \u0159idi\u010de.<\/p>\n\n\n\n<p>Jak syst\u00e9m funguje, se m\u016f\u017eete sami pod\u00edvat <a href=\"https:\/\/youtube.com\/shorts\/UpBPL4n8Tss?si=J1cu81B-3BwwndyO\" target=\"_blank\" rel=\"noopener\">zde ve videu<\/a>. Jednozna\u010dn\u011b jde o skv\u011blou \u010d\u00e1st vybaven\u00ed, kter\u00e1 v budoucnu bude zachra\u0148ovat \u017eivoty.<\/p>","protected":false},"excerpt":{"rendered":"<p>Internetem se \u0161\u00ed\u0159\u00ed video, kdy v p\u0159\u00edpad\u011b, \u017ee \u0159idi\u010d usne\/omdl\u00ed za volantem, auto spust\u00ed n\u011bkolik v\u00fdstra\u017en\u00fdch syst\u00e9m\u016f, aby \u0159idi\u010de upozornilo\/probudilo. Pokud toto opat\u0159en\u00ed nefunguje, auto samo zapne v\u00fdstra\u017en\u00e1 sv\u011btla a zajede do bezpe\u010dn\u00e9ho vedlej\u0161\u00edho pruhu, kde automobil kompletn\u011b zastav\u00ed. Jedn\u00e1 se o chytr\u00fd bezpe\u010dnostn\u00ed syst\u00e9m Emergency Assist od zna\u010dky Volkswagen, kter\u00fd je sou\u010d\u00e1st\u00ed technologie IQ.DRIVE. [&hellip;]<\/p>","protected":false},"author":2,"featured_media":0,"comment_status":"open","ping_status":"open","sticky":false,"template":"","format":"standard","meta":{"_et_pb_use_builder":"off","_et_pb_old_content":"","_et_gb_content_width":"","footnotes":""},"categories":[1],"tags":[6],"class_list":["post-504","post","type-post","status-publish","format-standard","hentry","category-uncategorized","tag-listopad-2024"],"_links":{"self":[{"href":"https:\/\/www.interim-manager.cz\/eng\/wp-json\/wp\/v2\/posts\/504","targetHints":{"allow":["GET"]}}],"collection":[{"href":"https:\/\/www.interim-manager.cz\/eng\/wp-json\/wp\/v2\/posts"}],"about":[{"href":"https:\/\/www.interim-manager.cz\/eng\/wp-json\/wp\/v2\/types\/post"}],"author":[{"embeddable":true,"href":"https:\/\/www.interim-manager.cz\/eng\/wp-json\/wp\/v2\/users\/2"}],"replies":[{"embeddable":true,"href":"https:\/\/www.interim-manager.cz\/eng\/wp-json\/wp\/v2\/comments?post=504"}],"version-history":[{"count":1,"href":"https:\/\/www.interim-manager.cz\/eng\/wp-json\/wp\/v2\/posts\/504\/revisions"}],"predecessor-version":[{"id":505,"href":"https:\/\/www.interim-manager.cz\/eng\/wp-json\/wp\/v2\/posts\/504\/revisions\/505"}],"wp:attachment":[{"href":"https:\/\/www.interim-manager.cz\/eng\/wp-json\/wp\/v2\/media?parent=504"}],"wp:term":[{"taxonomy":"category","embeddable":true,"href":"https:\/\/www.interim-manager.cz\/eng\/wp-json\/wp\/v2\/categories?post=504"},{"taxonomy":"post_tag","embeddable":true,"href":"https:\/\/www.interim-manager.cz\/eng\/wp-json\/wp\/v2\/tags?post=504"}],"curies":[{"name":"wp","href":"https:\/\/api.w.org\/{rel}","templated":true}]}}